{"id":9732,"date":"2024-05-21T16:48:24","date_gmt":"2024-05-21T14:48:24","guid":{"rendered":"https:\/\/camping-angouleme.fr\/unkategorisiert\/le-plan-deau-rejoint-bel-air-village\/"},"modified":"2024-06-03T10:28:52","modified_gmt":"2024-06-03T08:28:52","slug":"le-plan-deau-schliesst-sich-bel-air-village-an","status":"publish","type":"post","link":"http:\/\/camping-angouleme.fr\/de\/unkategorisiert\/le-plan-deau-schliesst-sich-bel-air-village-an\/","title":{"rendered":"Le Plan d&#8217;Eau schlie\u00dft sich Bel Air Village an"},"content":{"rendered":"\n<div class=\"wp-block-group is-layout-constrained wp-container-core-group-is-layout-3b3f7343 wp-block-group-is-layout-constrained\" style=\"padding-top:var(--wp--preset--spacing--60);padding-bottom:var(--wp--preset--spacing--60)\">\n<div class=\"wp-block-columns is-layout-flex wp-container-core-columns-is-layout-08c01c1c wp-block-columns-is-layout-flex\">\n<div class=\"wp-block-column is-layout-flow wp-container-core-column-is-layout-119bc444 wp-block-column-is-layout-flow\" style=\"flex-basis:50%\">\n<div class=\"wp-block-columns is-layout-flex wp-container-core-columns-is-layout-08c01c1c wp-block-columns-is-layout-flex\">\n<div class=\"wp-block-column is-layout-flow wp-container-core-column-is-layout-119bc444 wp-block-column-is-layout-flow\">\n<figure class=\"wp-block-image size-full is-resized has-custom-border alignfull animated fadeIn slow\"><a href=\"https:\/\/camping-angouleme.fr\/wp-content\/uploads\/sites\/69\/2024\/05\/IMG_4710.jpeg\"><img data-dominant-color=\"5f6467\" data-has-transparency=\"false\" decoding=\"async\" width=\"320\" height=\"240\" sizes=\"(max-width: min(calc(100% - 15vw), 320px)) 100vw, min(calc(100% - 15vw), 320px)\" src=\"https:\/\/camping-angouleme.fr\/wp-content\/uploads\/sites\/69\/2024\/05\/IMG_4710.jpeg\" alt=\"IMG 4710\" class=\"wp-image-9686 not-transparent\" style=\"--dominant-color: #5f6467; border-top-left-radius:2rem;object-fit:cover;width:540px;height:auto\" srcset=\"http:\/\/camping-angouleme.fr\/wp-content\/uploads\/sites\/69\/2024\/05\/IMG_4710.jpeg 320w, http:\/\/camping-angouleme.fr\/wp-content\/uploads\/sites\/69\/2024\/05\/IMG_4710-300x225.jpeg 300w\" \/><\/a><\/figure>\n<\/div>\n<\/div>\n<\/div>\n\n\n\n<div class=\"wp-block-column is-vertically-aligned-top is-layout-flow wp-block-column-is-layout-flow\" style=\"flex-basis:40%\">\n<div class=\"wp-block-group is-layout-flow wp-block-group-is-layout-flow\" style=\"padding-right:var(--wp--preset--spacing--40);padding-bottom:0;padding-left:var(--wp--preset--spacing--40)\">\n<h2 class=\"wp-block-heading has-color-1-color has-text-color has-ursula-font-family has-large-font-size\" style=\"margin-top:0;margin-right:0;margin-bottom:0;margin-left:0;font-style:normal;font-weight:500;line-height:1\">Ein neues Kapitel<\/h2>\n\n\n\n<p class=\"has-text-align-left\">Wir freuen uns, Ihnen mitteilen zu k\u00f6nnen, dass wir dank einer strategischen Partnerschaft mit Alpha Camping dem Bel Air Village Netzwerk beitreten. Dieses ehrgeizige Projekt, das aus der Vision der gew\u00e4hlten Vertreter der Communaut\u00e9 d&#8217;Agglom\u00e9ration du Grand Angoul\u00eame und der 25-j\u00e4hrigen Erfahrung von Didier Bourgoin, Pr\u00e4sident und Generaldirektor von Alpha Camping, hervorgegangen ist, markiert den Beginn einer neuen \u00c4ra f\u00fcr unseren Campingplatz. Diese Zusammenarbeit ist das Ergebnis einer durchdachten Ko-Konstruktion und eines Dialogs, der darauf abzielt, die \u00f6ffentliche Strategie mit einem tragf\u00e4higen und nachhaltigen Gesch\u00e4ftsmodell in Einklang zu bringen.<\/p>\n<\/div>\n<\/div>\n<\/div>\n\n\n\n<div class=\"wp-block-columns is-layout-flex wp-container-core-columns-is-layout-08c01c1c wp-block-columns-is-layout-flex\">\n<div class=\"wp-block-column is-vertically-aligned-top is-layout-flow wp-block-column-is-layout-flow\" style=\"flex-basis:70%\">\n<div class=\"wp-block-group is-layout-flow wp-block-group-is-layout-flow\" style=\"padding-right:var(--wp--preset--spacing--40);padding-bottom:0;padding-left:var(--wp--preset--spacing--40)\">\n<h2 class=\"wp-block-heading has-color-1-color has-text-color has-ursula-font-family has-large-font-size\" style=\"margin-top:0;margin-right:0;margin-bottom:0;margin-left:0;font-style:normal;font-weight:500;line-height:1\">Die Projekte Bel Air Village<\/h2>\n\n\n\n<p>Das Bel Air Village Netzwerk wird uns zu gro\u00dfen Projekten f\u00fchren, um den Campingplatz Le Plan d&#8217;Eau zu Ihrem n\u00e4chsten unvergesslichen Urlaub zu machen. <\/p>\n\n\n\n<ul class=\"wp-block-list\">\n<li><strong>Zusammenarbeit mit den gew\u00e4hlten Vertretern von Grand Angoul\u00eame und der Gemeinde Saint-Yrieix-sur-Charente<\/strong>, um die Verwaltung, Vermarktung und Entwicklung unserer Aktivit\u00e4ten zu gew\u00e4hrleisten. <\/li>\n\n\n\n<li><strong>Verschiedene Einrichtungen und 50 zus\u00e4tzliche Mietwohnungen<\/strong>, die alle diversifiziert und nach ISO 14000 und 26000 zertifiziert sind, um unseren \u00f6kologischen Fu\u00dfabdruck zu respektieren.<\/li>\n\n\n\n<li><strong>Definition eines nachhaltigen und verantwortungsbewussten Urlaubsangebots<\/strong>, mit einer geplanten &#8220;Cl\u00e9 Verte&#8221;-Kennzeichnung ab 2025.<\/li>\n\n\n\n<li><strong>Zusammenarbeit mit lokalen Partnern<\/strong>, um Kurzurlaube und Themenurlaube anzubieten und so die Besucherzahlen w\u00e4hrend der Saisonfl\u00fcgeln zu optimieren.<\/li>\n<\/ul>\n<\/div>\n<\/div>\n\n\n\n<div class=\"wp-block-column is-layout-flow wp-container-core-column-is-layout-119bc444 wp-block-column-is-layout-flow\" style=\"flex-basis:60%\">\n<div class=\"wp-block-columns is-layout-flex wp-container-core-columns-is-layout-08c01c1c wp-block-columns-is-layout-flex\">\n<div class=\"wp-block-column is-layout-flow wp-container-core-column-is-layout-119bc444 wp-block-column-is-layout-flow\">\n<figure class=\"wp-block-image size-full is-resized has-custom-border alignfull animated fadeIn slow\"><a href=\"https:\/\/camping-angouleme.fr\/wp-content\/uploads\/sites\/69\/2024\/03\/piscine-camping-BAV-Le-Plan-dEau.webp\"><img data-dominant-color=\"727469\" data-has-transparency=\"false\" decoding=\"async\" width=\"1125\" height=\"844\" sizes=\"(max-width: min(calc(100% - 15vw), 493px)) 100vw, min(calc(100% - 15vw), 493px)\" src=\"https:\/\/camping-angouleme.fr\/wp-content\/uploads\/sites\/69\/2024\/05\/piscine-camping-BAV-Le-Plan-dEau-edited-1.webp\" alt=\"Schwimmbad Campingplatz BAV Le Plan dEau\" class=\"wp-image-9690 not-transparent\" style=\"--dominant-color: #727469; border-bottom-right-radius:2rem;width:493px;height:auto\" srcset=\"http:\/\/camping-angouleme.fr\/wp-content\/uploads\/sites\/69\/2024\/05\/piscine-camping-BAV-Le-Plan-dEau-edited-1.webp 1125w, http:\/\/camping-angouleme.fr\/wp-content\/uploads\/sites\/69\/2024\/05\/piscine-camping-BAV-Le-Plan-dEau-edited-1-300x225.webp 300w, http:\/\/camping-angouleme.fr\/wp-content\/uploads\/sites\/69\/2024\/05\/piscine-camping-BAV-Le-Plan-dEau-edited-1-1024x768.webp 1024w, http:\/\/camping-angouleme.fr\/wp-content\/uploads\/sites\/69\/2024\/05\/piscine-camping-BAV-Le-Plan-dEau-edited-1-768x576.webp 768w\" \/><\/a><\/figure>\n<\/div>\n<\/div>\n<\/div>\n<\/div>\n<\/div>\n\n<div class=\"wp-block-columns is-layout-flex wp-container-core-columns-is-layout-08c01c1c wp-block-columns-is-layout-flex\">\n<div class=\"wp-block-column is-vertically-aligned-top is-layout-flow wp-block-column-is-layout-flow\">\n<div class=\"wp-block-group is-layout-flow wp-block-group-is-layout-flow\" style=\"padding-right:var(--wp--preset--spacing--40);padding-bottom:0;padding-left:var(--wp--preset--spacing--40)\">\n<h2 class=\"wp-block-heading has-text-align-center has-color-1-color has-text-color has-ursula-font-family has-large-font-size\" style=\"margin-top:0;margin-right:0;margin-bottom:0;margin-left:0;font-style:normal;font-weight:500;line-height:1\">Ein Familiencampingplatz<\/h2>\n\n\n\n<p>Vor den Toren von Angoul\u00eame, zwischen dem Flusslauf der Charente und der Wasserfl\u00e4che der Grande Prairie gelegen, haben wir eine ideale Lage f\u00fcr einen Aufenthalt in der Natur. Eric Heussner, 52, unser neuer Direktor, bringt 8 Jahre Erfahrung in der Leitung von unabh\u00e4ngigen Campingpl\u00e4tzen und gro\u00dfen IHPA-Gruppen mit. Er ist entschlossen, unseren Campingplatz zu einem freundlichen und einladenden Ort zu machen, an dem Sie Ihren Aufenthalt gerne verl\u00e4ngern m\u00f6chten. <\/p>\n\n\n\n<p>Wir freuen uns darauf, Sie im <strong>Bel Air Village Le Plan d&#8217;Eau<\/strong> begr\u00fc\u00dfen zu d\u00fcrfen und Ihnen alle Verbesserungen und Neuheiten vorzustellen, die Ihren Aufenthalt zu einem unvergesslichen Erlebnis machen werden. Begleiten Sie uns auf diesem neuen Abenteuer inmitten einer gesch\u00fctzten Natur und einem Gebiet, in dem es viel zu entdecken gibt.<\/p>\n<\/div>\n<\/div>\n<\/div>\n\n<p><\/p>\n","protected":false},"excerpt":{"rendered":"<p>Ein neues Kapitel Wir freuen uns, Ihnen mitteilen zu k\u00f6nnen, dass wir dank einer strategischen Partnerschaft mit Alpha Camping dem Bel Air Village Netzwerk beitreten. Dieses ehrgeizige Projekt, das aus der Vision der gew\u00e4hlten Vertreter der Communaut\u00e9 d&#8217;Agglom\u00e9ration du Grand Angoul\u00eame und der 25-j\u00e4hrigen Erfahrung von Didier Bourgoin, Pr\u00e4sident und Generaldirektor von Alpha Camping, hervorgegangen [&hellip;]<\/p>\n","protected":false},"author":5,"featured_media":9736,"comment_status":"closed","ping_status":"closed","sticky":false,"template":"","format":"standard","meta":{"_acf_changed":false,"footnotes":""},"categories":[126],"tags":[],"class_list":["post-9732","post","type-post","status-publish","format-standard","has-post-thumbnail","hentry","category-unkategorisiert"],"acf":[],"yoast_head":"<!-- This site is optimized with the Yoast SEO plugin v24.8.1 - https:\/\/yoast.com\/wordpress\/plugins\/seo\/ -->\n<title>Le Plan d&#039;Eau schlie\u00dft sich Bel Air Village an - Camping Bel Air Village Le Plan d Eau - Site Officiel - Meilleur Prix Garanti<\/title>\n<meta name=\"robots\" content=\"index, follow, max-snippet:-1, max-image-preview:large, max-video-preview:-1\" \/>\n<link rel=\"canonical\" href=\"http:\/\/camping-angouleme.fr\/de\/unkategorisiert\/le-plan-deau-schliesst-sich-bel-air-village-an\/\" \/>\n<meta property=\"og:locale\" content=\"de_DE\" \/>\n<meta property=\"og:type\" content=\"article\" \/>\n<meta property=\"og:title\" content=\"Le Plan d&#039;Eau schlie\u00dft sich Bel Air Village an - Camping Bel Air Village Le Plan d Eau - Site Officiel - Meilleur Prix Garanti\" \/>\n<meta property=\"og:description\" content=\"Ein neues Kapitel Wir freuen uns, Ihnen mitteilen zu k\u00f6nnen, dass wir dank einer strategischen Partnerschaft mit Alpha Camping dem Bel Air Village Netzwerk beitreten. Dieses ehrgeizige Projekt, das aus der Vision der gew\u00e4hlten Vertreter der Communaut\u00e9 d&#8217;Agglom\u00e9ration du Grand Angoul\u00eame und der 25-j\u00e4hrigen Erfahrung von Didier Bourgoin, Pr\u00e4sident und Generaldirektor von Alpha Camping, hervorgegangen [&hellip;]\" \/>\n<meta property=\"og:url\" content=\"http:\/\/camping-angouleme.fr\/de\/unkategorisiert\/le-plan-deau-schliesst-sich-bel-air-village-an\/\" \/>\n<meta property=\"og:site_name\" content=\"Camping Bel Air Village Le Plan d Eau - Site Officiel - Meilleur Prix Garanti\" \/>\n<meta property=\"article:published_time\" content=\"2024-05-21T14:48:24+00:00\" \/>\n<meta property=\"article:modified_time\" content=\"2024-06-03T08:28:52+00:00\" \/>\n<meta property=\"og:image\" content=\"http:\/\/camping-angouleme.fr\/wp-content\/uploads\/sites\/69\/2024\/03\/espace-aquatique-camping-BAV-Le-Plan-dEau.webp\" \/>\n\t<meta property=\"og:image:width\" content=\"2000\" \/>\n\t<meta property=\"og:image:height\" content=\"1500\" \/>\n\t<meta property=\"og:image:type\" content=\"image\/webp\" \/>\n<meta name=\"author\" content=\"adminacg2\" \/>\n<meta name=\"twitter:card\" content=\"summary_large_image\" \/>\n<meta name=\"twitter:label1\" content=\"Verfasst von\" \/>\n\t<meta name=\"twitter:data1\" content=\"adminacg2\" \/>\n\t<meta name=\"twitter:label2\" content=\"Gesch\u00e4tzte Lesezeit\" \/>\n\t<meta name=\"twitter:data2\" content=\"2\u00a0Minuten\" \/>\n<script type=\"application\/ld+json\" class=\"yoast-schema-graph\">{\"@context\":\"https:\/\/schema.org\",\"@graph\":[{\"@type\":\"Article\",\"@id\":\"http:\/\/camping-angouleme.fr\/de\/unkategorisiert\/le-plan-deau-schliesst-sich-bel-air-village-an\/#article\",\"isPartOf\":{\"@id\":\"http:\/\/camping-angouleme.fr\/de\/unkategorisiert\/le-plan-deau-schliesst-sich-bel-air-village-an\/\"},\"author\":{\"name\":\"adminacg2\",\"@id\":\"http:\/\/camping-angouleme.fr\/de\/#\/schema\/person\/7bb3966f81e7fac6ef6c291abfb63c83\"},\"headline\":\"Le Plan d&#8217;Eau schlie\u00dft sich Bel Air Village an\",\"datePublished\":\"2024-05-21T14:48:24+00:00\",\"dateModified\":\"2024-06-03T08:28:52+00:00\",\"mainEntityOfPage\":{\"@id\":\"http:\/\/camping-angouleme.fr\/de\/unkategorisiert\/le-plan-deau-schliesst-sich-bel-air-village-an\/\"},\"wordCount\":360,\"publisher\":{\"@id\":\"http:\/\/camping-angouleme.fr\/de\/#organization\"},\"image\":{\"@id\":\"http:\/\/camping-angouleme.fr\/de\/unkategorisiert\/le-plan-deau-schliesst-sich-bel-air-village-an\/#primaryimage\"},\"thumbnailUrl\":\"http:\/\/camping-angouleme.fr\/wp-content\/uploads\/sites\/69\/2024\/03\/espace-aquatique-camping-BAV-Le-Plan-dEau.webp\",\"articleSection\":[\"Unkategorisiert\"],\"inLanguage\":\"de\"},{\"@type\":\"WebPage\",\"@id\":\"http:\/\/camping-angouleme.fr\/de\/unkategorisiert\/le-plan-deau-schliesst-sich-bel-air-village-an\/\",\"url\":\"http:\/\/camping-angouleme.fr\/de\/unkategorisiert\/le-plan-deau-schliesst-sich-bel-air-village-an\/\",\"name\":\"Le Plan d'Eau schlie\u00dft sich Bel Air Village an - Camping Bel Air Village Le Plan d Eau - Site Officiel - Meilleur Prix Garanti\",\"isPartOf\":{\"@id\":\"http:\/\/camping-angouleme.fr\/de\/#website\"},\"primaryImageOfPage\":{\"@id\":\"http:\/\/camping-angouleme.fr\/de\/unkategorisiert\/le-plan-deau-schliesst-sich-bel-air-village-an\/#primaryimage\"},\"image\":{\"@id\":\"http:\/\/camping-angouleme.fr\/de\/unkategorisiert\/le-plan-deau-schliesst-sich-bel-air-village-an\/#primaryimage\"},\"thumbnailUrl\":\"http:\/\/camping-angouleme.fr\/wp-content\/uploads\/sites\/69\/2024\/03\/espace-aquatique-camping-BAV-Le-Plan-dEau.webp\",\"datePublished\":\"2024-05-21T14:48:24+00:00\",\"dateModified\":\"2024-06-03T08:28:52+00:00\",\"breadcrumb\":{\"@id\":\"http:\/\/camping-angouleme.fr\/de\/unkategorisiert\/le-plan-deau-schliesst-sich-bel-air-village-an\/#breadcrumb\"},\"inLanguage\":\"de\",\"potentialAction\":[{\"@type\":\"ReadAction\",\"target\":[\"http:\/\/camping-angouleme.fr\/de\/unkategorisiert\/le-plan-deau-schliesst-sich-bel-air-village-an\/\"]}]},{\"@type\":\"ImageObject\",\"inLanguage\":\"de\",\"@id\":\"http:\/\/camping-angouleme.fr\/de\/unkategorisiert\/le-plan-deau-schliesst-sich-bel-air-village-an\/#primaryimage\",\"url\":\"http:\/\/camping-angouleme.fr\/wp-content\/uploads\/sites\/69\/2024\/03\/espace-aquatique-camping-BAV-Le-Plan-dEau.webp\",\"contentUrl\":\"http:\/\/camping-angouleme.fr\/wp-content\/uploads\/sites\/69\/2024\/03\/espace-aquatique-camping-BAV-Le-Plan-dEau.webp\",\"width\":2000,\"height\":1500,\"caption\":\"Wasserpark Campingplatz BAV Le Plan dEau\"},{\"@type\":\"BreadcrumbList\",\"@id\":\"http:\/\/camping-angouleme.fr\/de\/unkategorisiert\/le-plan-deau-schliesst-sich-bel-air-village-an\/#breadcrumb\",\"itemListElement\":[{\"@type\":\"ListItem\",\"position\":1,\"name\":\"Camping du plan d'eau\",\"item\":\"https:\/\/camping-angouleme.fr\/de\/\"},{\"@type\":\"ListItem\",\"position\":2,\"name\":\"Le Plan d&#8217;Eau schlie\u00dft sich Bel Air Village an\"}]},{\"@type\":\"WebSite\",\"@id\":\"http:\/\/camping-angouleme.fr\/de\/#website\",\"url\":\"http:\/\/camping-angouleme.fr\/de\/\",\"name\":\"Camping Bel Air Village Le Plan d Eau - Site Officiel - Meilleur Prix Garanti\",\"description\":\"\",\"publisher\":{\"@id\":\"http:\/\/camping-angouleme.fr\/de\/#organization\"},\"potentialAction\":[{\"@type\":\"SearchAction\",\"target\":{\"@type\":\"EntryPoint\",\"urlTemplate\":\"http:\/\/camping-angouleme.fr\/de\/?s={search_term_string}\"},\"query-input\":{\"@type\":\"PropertyValueSpecification\",\"valueRequired\":true,\"valueName\":\"search_term_string\"}}],\"inLanguage\":\"de\"},{\"@type\":\"Organization\",\"@id\":\"http:\/\/camping-angouleme.fr\/de\/#organization\",\"name\":\"Camping Bel Air Village Le Plan d Eau - Site Officiel - Meilleur Prix Garanti\",\"url\":\"http:\/\/camping-angouleme.fr\/de\/\",\"logo\":{\"@type\":\"ImageObject\",\"inLanguage\":\"de\",\"@id\":\"http:\/\/camping-angouleme.fr\/de\/#\/schema\/logo\/image\/\",\"url\":\"http:\/\/camping-angouleme.fr\/wp-content\/uploads\/sites\/69\/2024\/03\/LOGO-BEL-AIR-VILLAGE-LE-PLAN-DEAU.png\",\"contentUrl\":\"http:\/\/camping-angouleme.fr\/wp-content\/uploads\/sites\/69\/2024\/03\/LOGO-BEL-AIR-VILLAGE-LE-PLAN-DEAU.png\",\"width\":2048,\"height\":847,\"caption\":\"Camping Bel Air Village Le Plan d Eau - Site Officiel - Meilleur Prix Garanti\"},\"image\":{\"@id\":\"http:\/\/camping-angouleme.fr\/de\/#\/schema\/logo\/image\/\"}},{\"@type\":\"Person\",\"@id\":\"http:\/\/camping-angouleme.fr\/de\/#\/schema\/person\/7bb3966f81e7fac6ef6c291abfb63c83\",\"name\":\"adminacg2\",\"image\":{\"@type\":\"ImageObject\",\"inLanguage\":\"de\",\"@id\":\"http:\/\/camping-angouleme.fr\/de\/#\/schema\/person\/image\/\",\"url\":\"https:\/\/secure.gravatar.com\/avatar\/d7bce723415f7cfc7ff733531231aeb78e7887380a72513707e79082f3bf5606?s=96&d=mm&r=g\",\"contentUrl\":\"https:\/\/secure.gravatar.com\/avatar\/d7bce723415f7cfc7ff733531231aeb78e7887380a72513707e79082f3bf5606?s=96&d=mm&r=g\",\"caption\":\"adminacg2\"}}]}<\/script>\n<!-- \/ Yoast SEO plugin. -->","yoast_head_json":{"title":"Le Plan d'Eau schlie\u00dft sich Bel Air Village an - Camping Bel Air Village Le Plan d Eau - Site Officiel - Meilleur Prix Garanti","robots":{"index":"index","follow":"follow","max-snippet":"max-snippet:-1","max-image-preview":"max-image-preview:large","max-video-preview":"max-video-preview:-1"},"canonical":"http:\/\/camping-angouleme.fr\/de\/unkategorisiert\/le-plan-deau-schliesst-sich-bel-air-village-an\/","og_locale":"de_DE","og_type":"article","og_title":"Le Plan d'Eau schlie\u00dft sich Bel Air Village an - Camping Bel Air Village Le Plan d Eau - Site Officiel - Meilleur Prix Garanti","og_description":"Ein neues Kapitel Wir freuen uns, Ihnen mitteilen zu k\u00f6nnen, dass wir dank einer strategischen Partnerschaft mit Alpha Camping dem Bel Air Village Netzwerk beitreten. Dieses ehrgeizige Projekt, das aus der Vision der gew\u00e4hlten Vertreter der Communaut\u00e9 d&#8217;Agglom\u00e9ration du Grand Angoul\u00eame und der 25-j\u00e4hrigen Erfahrung von Didier Bourgoin, Pr\u00e4sident und Generaldirektor von Alpha Camping, hervorgegangen [&hellip;]","og_url":"http:\/\/camping-angouleme.fr\/de\/unkategorisiert\/le-plan-deau-schliesst-sich-bel-air-village-an\/","og_site_name":"Camping Bel Air Village Le Plan d Eau - Site Officiel - Meilleur Prix Garanti","article_published_time":"2024-05-21T14:48:24+00:00","article_modified_time":"2024-06-03T08:28:52+00:00","og_image":[{"width":2000,"height":1500,"url":"http:\/\/camping-angouleme.fr\/wp-content\/uploads\/sites\/69\/2024\/03\/espace-aquatique-camping-BAV-Le-Plan-dEau.webp","type":"image\/webp"}],"author":"adminacg2","twitter_card":"summary_large_image","twitter_misc":{"Verfasst von":"adminacg2","Gesch\u00e4tzte Lesezeit":"2\u00a0Minuten"},"schema":{"@context":"https:\/\/schema.org","@graph":[{"@type":"Article","@id":"http:\/\/camping-angouleme.fr\/de\/unkategorisiert\/le-plan-deau-schliesst-sich-bel-air-village-an\/#article","isPartOf":{"@id":"http:\/\/camping-angouleme.fr\/de\/unkategorisiert\/le-plan-deau-schliesst-sich-bel-air-village-an\/"},"author":{"name":"adminacg2","@id":"http:\/\/camping-angouleme.fr\/de\/#\/schema\/person\/7bb3966f81e7fac6ef6c291abfb63c83"},"headline":"Le Plan d&#8217;Eau schlie\u00dft sich Bel Air Village an","datePublished":"2024-05-21T14:48:24+00:00","dateModified":"2024-06-03T08:28:52+00:00","mainEntityOfPage":{"@id":"http:\/\/camping-angouleme.fr\/de\/unkategorisiert\/le-plan-deau-schliesst-sich-bel-air-village-an\/"},"wordCount":360,"publisher":{"@id":"http:\/\/camping-angouleme.fr\/de\/#organization"},"image":{"@id":"http:\/\/camping-angouleme.fr\/de\/unkategorisiert\/le-plan-deau-schliesst-sich-bel-air-village-an\/#primaryimage"},"thumbnailUrl":"http:\/\/camping-angouleme.fr\/wp-content\/uploads\/sites\/69\/2024\/03\/espace-aquatique-camping-BAV-Le-Plan-dEau.webp","articleSection":["Unkategorisiert"],"inLanguage":"de"},{"@type":"WebPage","@id":"http:\/\/camping-angouleme.fr\/de\/unkategorisiert\/le-plan-deau-schliesst-sich-bel-air-village-an\/","url":"http:\/\/camping-angouleme.fr\/de\/unkategorisiert\/le-plan-deau-schliesst-sich-bel-air-village-an\/","name":"Le Plan d'Eau schlie\u00dft sich Bel Air Village an - Camping Bel Air Village Le Plan d Eau - Site Officiel - Meilleur Prix Garanti","isPartOf":{"@id":"http:\/\/camping-angouleme.fr\/de\/#website"},"primaryImageOfPage":{"@id":"http:\/\/camping-angouleme.fr\/de\/unkategorisiert\/le-plan-deau-schliesst-sich-bel-air-village-an\/#primaryimage"},"image":{"@id":"http:\/\/camping-angouleme.fr\/de\/unkategorisiert\/le-plan-deau-schliesst-sich-bel-air-village-an\/#primaryimage"},"thumbnailUrl":"http:\/\/camping-angouleme.fr\/wp-content\/uploads\/sites\/69\/2024\/03\/espace-aquatique-camping-BAV-Le-Plan-dEau.webp","datePublished":"2024-05-21T14:48:24+00:00","dateModified":"2024-06-03T08:28:52+00:00","breadcrumb":{"@id":"http:\/\/camping-angouleme.fr\/de\/unkategorisiert\/le-plan-deau-schliesst-sich-bel-air-village-an\/#breadcrumb"},"inLanguage":"de","potentialAction":[{"@type":"ReadAction","target":["http:\/\/camping-angouleme.fr\/de\/unkategorisiert\/le-plan-deau-schliesst-sich-bel-air-village-an\/"]}]},{"@type":"ImageObject","inLanguage":"de","@id":"http:\/\/camping-angouleme.fr\/de\/unkategorisiert\/le-plan-deau-schliesst-sich-bel-air-village-an\/#primaryimage","url":"http:\/\/camping-angouleme.fr\/wp-content\/uploads\/sites\/69\/2024\/03\/espace-aquatique-camping-BAV-Le-Plan-dEau.webp","contentUrl":"http:\/\/camping-angouleme.fr\/wp-content\/uploads\/sites\/69\/2024\/03\/espace-aquatique-camping-BAV-Le-Plan-dEau.webp","width":2000,"height":1500,"caption":"Wasserpark Campingplatz BAV Le Plan dEau"},{"@type":"BreadcrumbList","@id":"http:\/\/camping-angouleme.fr\/de\/unkategorisiert\/le-plan-deau-schliesst-sich-bel-air-village-an\/#breadcrumb","itemListElement":[{"@type":"ListItem","position":1,"name":"Camping du plan d'eau","item":"https:\/\/camping-angouleme.fr\/de\/"},{"@type":"ListItem","position":2,"name":"Le Plan d&#8217;Eau schlie\u00dft sich Bel Air Village an"}]},{"@type":"WebSite","@id":"http:\/\/camping-angouleme.fr\/de\/#website","url":"http:\/\/camping-angouleme.fr\/de\/","name":"Camping Bel Air Village Le Plan d Eau - Site Officiel - Meilleur Prix Garanti","description":"","publisher":{"@id":"http:\/\/camping-angouleme.fr\/de\/#organization"},"potentialAction":[{"@type":"SearchAction","target":{"@type":"EntryPoint","urlTemplate":"http:\/\/camping-angouleme.fr\/de\/?s={search_term_string}"},"query-input":{"@type":"PropertyValueSpecification","valueRequired":true,"valueName":"search_term_string"}}],"inLanguage":"de"},{"@type":"Organization","@id":"http:\/\/camping-angouleme.fr\/de\/#organization","name":"Camping Bel Air Village Le Plan d Eau - Site Officiel - Meilleur Prix Garanti","url":"http:\/\/camping-angouleme.fr\/de\/","logo":{"@type":"ImageObject","inLanguage":"de","@id":"http:\/\/camping-angouleme.fr\/de\/#\/schema\/logo\/image\/","url":"http:\/\/camping-angouleme.fr\/wp-content\/uploads\/sites\/69\/2024\/03\/LOGO-BEL-AIR-VILLAGE-LE-PLAN-DEAU.png","contentUrl":"http:\/\/camping-angouleme.fr\/wp-content\/uploads\/sites\/69\/2024\/03\/LOGO-BEL-AIR-VILLAGE-LE-PLAN-DEAU.png","width":2048,"height":847,"caption":"Camping Bel Air Village Le Plan d Eau - Site Officiel - Meilleur Prix Garanti"},"image":{"@id":"http:\/\/camping-angouleme.fr\/de\/#\/schema\/logo\/image\/"}},{"@type":"Person","@id":"http:\/\/camping-angouleme.fr\/de\/#\/schema\/person\/7bb3966f81e7fac6ef6c291abfb63c83","name":"adminacg2","image":{"@type":"ImageObject","inLanguage":"de","@id":"http:\/\/camping-angouleme.fr\/de\/#\/schema\/person\/image\/","url":"https:\/\/secure.gravatar.com\/avatar\/d7bce723415f7cfc7ff733531231aeb78e7887380a72513707e79082f3bf5606?s=96&d=mm&r=g","contentUrl":"https:\/\/secure.gravatar.com\/avatar\/d7bce723415f7cfc7ff733531231aeb78e7887380a72513707e79082f3bf5606?s=96&d=mm&r=g","caption":"adminacg2"}}]}},"_links":{"self":[{"href":"http:\/\/camping-angouleme.fr\/de\/wp-json\/wp\/v2\/posts\/9732","targetHints":{"allow":["GET"]}}],"collection":[{"href":"http:\/\/camping-angouleme.fr\/de\/wp-json\/wp\/v2\/posts"}],"about":[{"href":"http:\/\/camping-angouleme.fr\/de\/wp-json\/wp\/v2\/types\/post"}],"author":[{"embeddable":true,"href":"http:\/\/camping-angouleme.fr\/de\/wp-json\/wp\/v2\/users\/5"}],"replies":[{"embeddable":true,"href":"http:\/\/camping-angouleme.fr\/de\/wp-json\/wp\/v2\/comments?post=9732"}],"version-history":[{"count":3,"href":"http:\/\/camping-angouleme.fr\/de\/wp-json\/wp\/v2\/posts\/9732\/revisions"}],"predecessor-version":[{"id":10122,"href":"http:\/\/camping-angouleme.fr\/de\/wp-json\/wp\/v2\/posts\/9732\/revisions\/10122"}],"wp:featuredmedia":[{"embeddable":true,"href":"http:\/\/camping-angouleme.fr\/de\/wp-json\/wp\/v2\/media\/9736"}],"wp:attachment":[{"href":"http:\/\/camping-angouleme.fr\/de\/wp-json\/wp\/v2\/media?parent=9732"}],"wp:term":[{"taxonomy":"category","embeddable":true,"href":"http:\/\/camping-angouleme.fr\/de\/wp-json\/wp\/v2\/categories?post=9732"},{"taxonomy":"post_tag","embeddable":true,"href":"http:\/\/camping-angouleme.fr\/de\/wp-json\/wp\/v2\/tags?post=9732"}],"curies":[{"name":"wp","href":"https:\/\/api.w.org\/{rel}","templated":true}]}}